{"id":5623,"date":"2025-12-19T13:46:08","date_gmt":"2025-12-19T13:46:08","guid":{"rendered":"https:\/\/mediawolf.fi\/palkkasimme-mediawolfin-vammaisten-oikeuksia-kasittelevan-seminaarin-striimaamiseen-ja-videon-tuottamiseen-seminaarista\/"},"modified":"2026-01-14T18:17:02","modified_gmt":"2026-01-14T18:17:02","slug":"palkkasimme-mediawolfin-vammaisten-oikeuksia-kasittelevan-seminaarin-striimaamiseen-ja-videon-tuottamiseen-seminaarista","status":"publish","type":"post","link":"https:\/\/mediawolf.fi\/fi\/palkkasimme-mediawolfin-vammaisten-oikeuksia-kasittelevan-seminaarin-striimaamiseen-ja-videon-tuottamiseen-seminaarista\/","title":{"rendered":"Valitsimme Mediawolfin vammaisten oikeuksia k\u00e4sittelev\u00e4n seminaarin striimaamiseen ja videon tuottamiseen seminaarista."},"content":{"rendered":"<p>Yhteisty\u00f6 Mediawolfin kanssa sujui mutkattomasti; palvelu oli yst\u00e4v\u00e4llist\u00e4 ja ammattimaista; striimauksen toteutus verkko-osallistujille toimi hyvin ja yhteisty\u00f6 toimi hyvin my\u00f6s seminaarin j\u00e4lkeen.<\/p>\n<p>&nbsp;<\/p>\n<h5>Gunilla Edelmann, tapahtumatuottaja SAMS:ssa \u2013 Samarbetsf\u00f6rbundet kring funktionshinder<\/h5>\n","protected":false},"excerpt":{"rendered":"<p>Yhteisty\u00f6 Mediawolfin kanssa sujui mutkattomasti; palvelu oli yst\u00e4v\u00e4llist\u00e4 ja ammattimaista; striimauksen toteutus verkko-osallistujille toimi hyvin ja yhteisty\u00f6 toimi hyvin my\u00f6s seminaarin j\u00e4lkeen. &nbsp; Gunilla Edelmann, tapahtumatuottaja SAMS:ssa \u2013 Samarbetsf\u00f6rbundet kring funktionshinder<\/p>\n","protected":false},"author":4,"featured_media":5603,"comment_status":"closed","ping_status":"closed","sticky":false,"template":"","format":"standard","meta":{"_et_pb_use_builder":"","_et_pb_old_content":"","_et_gb_content_width":"","footnotes":""},"categories":[43],"tags":[],"class_list":["post-5623","post","type-post","status-publish","format-standard","has-post-thumbnail","hentry","category-asiakasarvostelut"],"_links":{"self":[{"href":"https:\/\/mediawolf.fi\/fi\/wp-json\/wp\/v2\/posts\/5623","targetHints":{"allow":["GET"]}}],"collection":[{"href":"https:\/\/mediawolf.fi\/fi\/wp-json\/wp\/v2\/posts"}],"about":[{"href":"https:\/\/mediawolf.fi\/fi\/wp-json\/wp\/v2\/types\/post"}],"author":[{"embeddable":true,"href":"https:\/\/mediawolf.fi\/fi\/wp-json\/wp\/v2\/users\/4"}],"replies":[{"embeddable":true,"href":"https:\/\/mediawolf.fi\/fi\/wp-json\/wp\/v2\/comments?post=5623"}],"version-history":[{"count":3,"href":"https:\/\/mediawolf.fi\/fi\/wp-json\/wp\/v2\/posts\/5623\/revisions"}],"predecessor-version":[{"id":5722,"href":"https:\/\/mediawolf.fi\/fi\/wp-json\/wp\/v2\/posts\/5623\/revisions\/5722"}],"wp:featuredmedia":[{"embeddable":true,"href":"https:\/\/mediawolf.fi\/fi\/wp-json\/wp\/v2\/media\/5603"}],"wp:attachment":[{"href":"https:\/\/mediawolf.fi\/fi\/wp-json\/wp\/v2\/media?parent=5623"}],"wp:term":[{"taxonomy":"category","embeddable":true,"href":"https:\/\/mediawolf.fi\/fi\/wp-json\/wp\/v2\/categories?post=5623"},{"taxonomy":"post_tag","embeddable":true,"href":"https:\/\/mediawolf.fi\/fi\/wp-json\/wp\/v2\/tags?post=5623"}],"curies":[{"name":"wp","href":"https:\/\/api.w.org\/{rel}","templated":true}]}}